{"id":221,"date":"2022-04-28T18:44:40","date_gmt":"2022-04-28T16:44:40","guid":{"rendered":"https:\/\/keineshowfuertaeter.noblogs.org\/?p=221"},"modified":"2022-05-14T12:22:55","modified_gmt":"2022-05-14T10:22:55","slug":"bremen-12-05","status":"publish","type":"post","link":"https:\/\/keineshowfuertaeter.noblogs.org\/de\/bremen-12-05\/","title":{"rendered":"Bremen 12.05."},"content":{"rendered":"<p><strong>KEINE SHOW F\u00dcR T\u00c4TER &#8211; WEDER IN BREMEN NOCH SONST WO<\/strong><\/p>\n<p>Am 12.05. kommt der Comedian L.M. nach Bremen und wird, wie in vielen anderen St\u00e4dte, die Halle f\u00fcllen wollen.<br \/>\nDas geht uns mehr als gegen den Strich!<br \/>\nWir wollen keine T\u00e4ter auf unseren B\u00fchnen sehen (oder sonst wo!), keiner Gewalt einen Raum geben und auch nicht applaudieren f\u00fcr die Taten, die er weiterhin begeht. Die letzten Tage haben gezeigt, dass er seine Taten nicht aufgearbeitet hat, stattdessen solidarisieren sich andere Comedians mit ihm. Ein weiterer Schlag in die Magengrube. Es widert uns an, wie T\u00e4ter sich noch immer \u00fcberlegen f\u00fchlen und absolut keine Konsequenzen ziehen. T\u00e4ter w\u00e4hnen sich in Sicherheit, w\u00e4hrend die Betroffenen darum k\u00e4mpfen m\u00fcssen, dass ihnen geglaubt wird.<\/p>\n<p>Wir sind die Konsequenzen, die er und alle anderen T\u00e4ter nicht sehen wollen.<br \/>\nWir sind die Stimme, die umso lauter ist f\u00fcr die \u00dcberlebenden.<br \/>\nWir sind hier und wir werden nicht gehen!<\/p>\n<p>Kommt mit uns auf die Stra\u00dfe und lasst ihn unsere Wut sp\u00fcren! Gemeinsam gegen T\u00e4terschutz!<\/p>\n<p>#KonsequenzenF\u00fcrLuke #KeineShowF\u00fcrT\u00e4ter<\/p>\n<hr \/>\n<p>&nbsp;<\/p>\n","protected":false},"excerpt":{"rendered":"<p>KEINE SHOW F\u00dcR T\u00c4TER &#8211; WEDER IN BREMEN NOCH SONST WO Am 12.05. kommt der Comedian L.M. nach Bremen und wird, wie in vielen anderen St\u00e4dte, die Halle f\u00fcllen wollen. Das geht uns mehr als gegen den Strich! Wir wollen keine T\u00e4ter auf unseren B\u00fchnen sehen (oder sonst wo!), keiner Gewalt einen Raum geben und&hellip; <a class=\"more-link\" href=\"https:\/\/keineshowfuertaeter.noblogs.org\/de\/bremen-12-05\/\"><span class=\"screen-reader-text\">Bremen 12.05.<\/span> weiterlesen<\/a><\/p>\n","protected":false},"author":17597,"featured_media":222,"comment_status":"closed","ping_status":"closed","sticky":false,"template":"","format":"standard","meta":{"_locale":"de_DE","_original_post":"https:\/\/keineshowfuertaeter.noblogs.org\/?p=221","footnotes":""},"categories":[1],"tags":[],"class_list":["post-221","post","type-post","status-publish","format-standard","has-post-thumbnail","hentry","category-general","de-DE","entry"],"_links":{"self":[{"href":"https:\/\/keineshowfuertaeter.noblogs.org\/wp-json\/wp\/v2\/posts\/221","targetHints":{"allow":["GET"]}}],"collection":[{"href":"https:\/\/keineshowfuertaeter.noblogs.org\/wp-json\/wp\/v2\/posts"}],"about":[{"href":"https:\/\/keineshowfuertaeter.noblogs.org\/wp-json\/wp\/v2\/types\/post"}],"author":[{"embeddable":true,"href":"https:\/\/keineshowfuertaeter.noblogs.org\/wp-json\/wp\/v2\/users\/17597"}],"replies":[{"embeddable":true,"href":"https:\/\/keineshowfuertaeter.noblogs.org\/wp-json\/wp\/v2\/comments?post=221"}],"version-history":[{"count":2,"href":"https:\/\/keineshowfuertaeter.noblogs.org\/wp-json\/wp\/v2\/posts\/221\/revisions"}],"predecessor-version":[{"id":293,"href":"https:\/\/keineshowfuertaeter.noblogs.org\/wp-json\/wp\/v2\/posts\/221\/revisions\/293"}],"wp:featuredmedia":[{"embeddable":true,"href":"https:\/\/keineshowfuertaeter.noblogs.org\/wp-json\/wp\/v2\/media\/222"}],"wp:attachment":[{"href":"https:\/\/keineshowfuertaeter.noblogs.org\/wp-json\/wp\/v2\/media?parent=221"}],"wp:term":[{"taxonomy":"category","embeddable":true,"href":"https:\/\/keineshowfuertaeter.noblogs.org\/wp-json\/wp\/v2\/categories?post=221"},{"taxonomy":"post_tag","embeddable":true,"href":"https:\/\/keineshowfuertaeter.noblogs.org\/wp-json\/wp\/v2\/tags?post=221"}],"curies":[{"name":"wp","href":"https:\/\/api.w.org\/{rel}","templated":true}]}}